[{"@context":"https:\/\/schema.org\/","@type":"Article","@id":"https:\/\/www.reporty.cz\/zutulnete-svuj-byt\/#Article","mainEntityOfPage":"https:\/\/www.reporty.cz\/zutulnete-svuj-byt\/","headline":"Z\u00fatuln\u011bte sv\u016fj byt","name":"Z\u00fatuln\u011bte sv\u016fj byt","description":"Pokud p\u0159em\u00fd\u0161l\u00edte ji\u017e n\u011bjakou dobu nad zm\u011bnou va\u0161eho interi\u00e9ru, pak je tento \u010dl\u00e1nek p\u0159esn\u011b pro v\u00e1s. P\u0159i rekonstrukci nebo i nepatrn\u00fdch zm\u011bn\u00e1ch bychom si m\u011bli d\u00e1vat pozor na n\u011bkolik v\u011bc\u00ed.&hellip;<a href=\"https:\/\/www.reporty.cz\/zutulnete-svuj-byt\/\" class=\"more-link\"><span class=\"more-button\">P\u0159e\u010d\u00edst<span class=\"screen-reader-text\">Z\u00fatuln\u011bte sv\u016fj byt<\/span><\/span><\/a>","datePublished":"2020-07-12","dateModified":"2023-06-09","author":{"@type":"Person","@id":"https:\/\/www.reporty.cz\/author\/#Person","name":"","url":"https:\/\/www.reporty.cz\/author\/","identifier":1,"image":{"@type":"ImageObject","@id":"https:\/\/secure.gravatar.com\/avatar\/cfe4dae5aaf43720425415780408681beb9b9a829e9a657295ed1cacce5febc2?s=96&d=mm&r=g","url":"https:\/\/secure.gravatar.com\/avatar\/cfe4dae5aaf43720425415780408681beb9b9a829e9a657295ed1cacce5febc2?s=96&d=mm&r=g","height":96,"width":96}},"publisher":{"@type":"Organization","name":"reporty.cz","logo":{"@type":"ImageObject","@id":"\/logo.png","url":"\/logo.png","width":600,"height":60}},"image":{"@type":"ImageObject","@id":"https:\/\/www.reporty.cz\/wp-content\/uploads\/sve%CC%8Ctly%CC%81%20oby%CC%81vaci%CC%81%20pokoj.jpg","url":"https:\/\/www.reporty.cz\/wp-content\/uploads\/sve%CC%8Ctly%CC%81%20oby%CC%81vaci%CC%81%20pokoj.jpg","height":0,"width":0},"url":"https:\/\/www.reporty.cz\/zutulnete-svuj-byt\/","about":["Byt a d\u016fm"],"wordCount":427,"articleBody":"   Pokud p\u0159em\u00fd\u0161l\u00edte ji\u017e n\u011bjakou dobu nad zm\u011bnou va\u0161eho interi\u00e9ru, pak je tento \u010dl\u00e1nek p\u0159esn\u011b pro v\u00e1s. P\u0159i rekonstrukci nebo i nepatrn\u00fdch zm\u011bn\u00e1ch bychom si m\u011bli d\u00e1vat pozor na n\u011bkolik v\u011bc\u00ed. V dne\u0161n\u00ed dob\u011b je na trhu k dost\u00e1n\u00ed velk\u00e9 mno\u017estv\u00ed bytov\u00fdch dopl\u0148k\u016f, tak\u017ee si jist\u011b vybere ka\u017ed\u00fd. Jak tedy za\u010d\u00edt?Zam\u011b\u0159te se na dopl\u0148kyPol\u0161t\u00e1\u0159e, deky, p\u0159ehozy jin\u00e9 interi\u00e9rov\u00e9 dopl\u0148ky maj\u00ed velk\u00fd pod\u00edl na tom, jak celkov\u00fd prostor ur\u010dit\u00e9ho pokoje p\u016fsob\u00ed. Proto si p\u0159i jejich v\u00fdb\u011bru dejte opravdu z\u00e1le\u017eet. D\u016fle\u017eit\u00e1 je p\u0159edev\u0161\u00edm to, aby spolu jednotliv\u00e9 komponenty korespondovaly a ladily k sob\u011b. V\u017edy je dobr\u00e9 vybrat jednu hlavn\u00ed barvu, ke kter\u00e9 n\u00e1sledn\u011b bude ladit ostatn\u00ed v\u011bci v neutr\u00e1ln\u00edch barv\u00e1ch. M\u016f\u017eete zvolit nap\u0159\u00edklad lahvov\u011b zelenou \u010di modrou, se kter\u00fdmi bude skv\u011ble vypadat st\u0159\u00edbrn\u00e1, zlat\u00e1, \u010dern\u00e1 \u010di b\u00e9\u017eov\u00e1.Kdy\u017e se rozhodnete pro rekonstrukciJestli\u017ee se rovnou rozhodnete pro v\u011bt\u0161\u00ed zm\u011bnu va\u0161eho p\u0159\u00edbytku, pak je vhodn\u011b obr\u00e1tit se nejprve na bytov\u00e9ho architekta. Nap\u0159\u00edklad interi\u00e9rov\u00fd architekt praha v\u00e1m poskytne n\u00e1vrh, jak nejl\u00e9pe by se prostor ve va\u0161em byt\u011b dal vyu\u017e\u00edt. P\u0159i velk\u00fdch zm\u011bn\u00e1ch je v\u017edy lep\u0161\u00ed v\u0161e konzultovat s odborn\u00edkem, tak abyste s v\u00fdsledkem byli naprosto spokojeni.Co s mal\u00fdm prostorem?N\u011bkter\u00e9 byty maj\u00ed tu nev\u00fdhodu, \u017ee jejich v\u00fdm\u011bra je velmi mal\u00e1, tak\u017ee rozm\u00edst\u011bn\u00ed n\u00e1bytku a celkov\u00e9 ustaven\u00ed pokoje m\u016f\u017ee b\u00fdt n\u011bkdy opravdu o\u0159\u00ed\u0161ek. Do men\u0161\u00edch pokoj\u016f v\u017edy vyb\u00edrejte n\u00e1bytek sv\u011btl\u00e9 barvy, rovn\u011b\u017e st\u011bny pokoje by m\u011bly b\u00fdt vymalov\u00e1ny ve sv\u011btl\u00fdch pastelov\u00fdch barv\u00e1ch. Pokoj pak bude p\u016fsobit mnohem v\u011bt\u0161\u00edm a vzdu\u0161n\u011bj\u0161\u00edm dojmem. Celkov\u00fd interi\u00e9r pak m\u016f\u017eete doladit dopl\u0148ky v tmav\u0161\u00edch barv\u00e1ch, kter\u00e1 v takov\u00e9m prost\u0159ed\u00ed n\u00e1dhern\u011b vyniknou. Zam\u011b\u0159te se p\u0159edev\u0161\u00edm na potahy pol\u0161t\u00e1\u0159\u016f, dekorativn\u00ed deky \u010di b\u011bhouny, kter\u00e9 pln\u00ed rovn\u011b\u017e praktickou funkci. Vyvarujte se v\u0161ak p\u0159\u00edli\u0161 velk\u00e9mu mno\u017estv\u00ed v\u00e1z, so\u0161ek \u010di sv\u00ed\u010dek, proto\u017ee tyto v\u011bci jsou pon\u011bkud nepraktick\u00e9, jeliko\u017e na sebe chytaj\u00ed spoustu prachu.                                                                                                                                                                                                                                                                                                                                                                                          4.5\/5 - (8 votes)        "},{"@context":"https:\/\/schema.org\/","@type":"BreadcrumbList","itemListElement":[{"@type":"ListItem","position":1,"name":"Z\u00fatuln\u011bte sv\u016fj byt","item":"https:\/\/www.reporty.cz\/zutulnete-svuj-byt\/#breadcrumbitem"}]}]