[{"@context":"https:\/\/schema.org\/","@type":"Article","@id":"https:\/\/www.reporty.cz\/vyber-odevu-na-cely-rok\/#Article","mainEntityOfPage":"https:\/\/www.reporty.cz\/vyber-odevu-na-cely-rok\/","headline":"V\u00fdb\u011br od\u011bv\u016f na cel\u00fd rok","name":"V\u00fdb\u011br od\u011bv\u016f na cel\u00fd rok","description":"U n\u00e1s si m\u016f\u017eete vyb\u00edrat skv\u011bl\u00e9 out-fity bez ohledu, zda je venku parn\u00e9 l\u00e9to, \u010di vlezl\u00e1 zima pln\u00e1 sn\u011bhu. Letn\u00ed d\u00e1msk\u00e9 \u0161aty, plavky, tepl\u00e9 svetry, nepromokav\u00e9 bundy, to je jen&hellip;<a href=\"https:\/\/www.reporty.cz\/vyber-odevu-na-cely-rok\/\" class=\"more-link\"><span class=\"more-button\">P\u0159e\u010d\u00edst<span class=\"screen-reader-text\">V\u00fdb\u011br od\u011bv\u016f na cel\u00fd rok<\/span><\/span><\/a>","datePublished":"2025-08-29","dateModified":"2025-08-29","author":{"@type":"Person","@id":"https:\/\/www.reporty.cz\/author\/#Person","name":"","url":"https:\/\/www.reporty.cz\/author\/","identifier":1,"image":{"@type":"ImageObject","@id":"https:\/\/secure.gravatar.com\/avatar\/cfe4dae5aaf43720425415780408681beb9b9a829e9a657295ed1cacce5febc2?s=96&d=mm&r=g","url":"https:\/\/secure.gravatar.com\/avatar\/cfe4dae5aaf43720425415780408681beb9b9a829e9a657295ed1cacce5febc2?s=96&d=mm&r=g","height":96,"width":96}},"publisher":{"@type":"Organization","name":"reporty.cz","logo":{"@type":"ImageObject","@id":"\/logo.png","url":"\/logo.png","width":600,"height":60}},"url":"https:\/\/www.reporty.cz\/vyber-odevu-na-cely-rok\/","wordCount":179,"articleBody":"U n\u00e1s si m\u016f\u017eete vyb\u00edrat skv\u011bl\u00e9 out-fity bez ohledu, zda je venku parn\u00e9 l\u00e9to, \u010di vlezl\u00e1 zima pln\u00e1 sn\u011bhu. Letn\u00ed d\u00e1msk\u00e9 \u0161aty, plavky, tepl\u00e9 svetry, nepromokav\u00e9 bundy, to je jen mal\u00fd zlomek zbo\u017e\u00ed, kter\u00e9 si u n\u00e1s m\u016f\u017eete zakoupit. Nav\u00edc nab\u00edz\u00edme tak\u00e9 mno\u017estv\u00ed dopl\u0148k\u016f, kabelek, \u010di pen\u011b\u017eenek, abyste si mohli v\u0161e nakoupit na jednom m\u00edst\u011b. A\u0165 u\u017e sh\u00e1n\u00edte cokoliv do Va\u0161eho \u0161atn\u00edku, my V\u00e1m to m\u016f\u017eeme dop\u0159\u00e1t a to za skv\u011bl\u00e9 ceny a v maxim\u00e1ln\u00ed kvalit\u011b. Kvalitn\u00ed a levn\u00e9 od\u011bvy Tou\u017e\u00edte po kvalitn\u00edm oble\u010den\u00ed a nechcete za n\u011bj platit nehor\u00e1zn\u00e9 sumy, kter\u00e9 si \u00fa\u010dtuj\u00ed zna\u010dkov\u00e9 kamenn\u00e9 obchody v obchodn\u00edch centrech? Nav\u0161tivte n\u00e1\u0161 e-shop a my V\u00e1m ve\u0161ker\u00e9 od\u011bvy nab\u00eddneme za skv\u011blou cenu. Nav\u00edc db\u00e1me na dodr\u017een\u00ed maxim\u00e1ln\u00ed kvality oble\u010den\u00ed, zbo\u017e\u00ed, kter\u00e9 si u n\u00e1s objedn\u00e1te, bude v\u017edy v perfektn\u00edm stavu.                                                                                                                                                                                                                                                                                                                                                                                                "},{"@context":"https:\/\/schema.org\/","@type":"BreadcrumbList","itemListElement":[{"@type":"ListItem","position":1,"name":"V\u00fdb\u011br od\u011bv\u016f na cel\u00fd rok","item":"https:\/\/www.reporty.cz\/vyber-odevu-na-cely-rok\/#breadcrumbitem"}]}]