[{"@context":"https:\/\/schema.org\/","@type":"Article","@id":"https:\/\/www.reporty.cz\/myslete-na-sve-zdravi\/#Article","mainEntityOfPage":"https:\/\/www.reporty.cz\/myslete-na-sve-zdravi\/","headline":"Myslete na sv\u00e9 zdrav\u00ed","name":"Myslete na sv\u00e9 zdrav\u00ed","description":"Je pro v\u00e1s d\u016fle\u017eit\u00e9, v jak\u00e9 kvalit\u011b m\u016f\u017eete sp\u00e1t? Je pro v\u00e1s odpo\u010dinek t\u00edm nejd\u016fle\u017eit\u011bj\u0161\u00edm, co si v noci dop\u0159\u00e1v\u00e1te? Jestli\u017ee ano, jen si p\u0159iznejte, jak na tom jste s&hellip;<a href=\"https:\/\/www.reporty.cz\/myslete-na-sve-zdravi\/\" class=\"more-link\"><span class=\"more-button\">P\u0159e\u010d\u00edst<span class=\"screen-reader-text\">Myslete na sv\u00e9 zdrav\u00ed<\/span><\/span><\/a>","datePublished":"2024-04-12","dateModified":"2024-04-12","author":{"@type":"Person","@id":"https:\/\/www.reporty.cz\/author\/#Person","name":"","url":"https:\/\/www.reporty.cz\/author\/","identifier":1,"image":{"@type":"ImageObject","@id":"https:\/\/secure.gravatar.com\/avatar\/cfe4dae5aaf43720425415780408681beb9b9a829e9a657295ed1cacce5febc2?s=96&d=mm&r=g","url":"https:\/\/secure.gravatar.com\/avatar\/cfe4dae5aaf43720425415780408681beb9b9a829e9a657295ed1cacce5febc2?s=96&d=mm&r=g","height":96,"width":96}},"publisher":{"@type":"Organization","name":"reporty.cz","logo":{"@type":"ImageObject","@id":"\/logo.png","url":"\/logo.png","width":600,"height":60}},"url":"https:\/\/www.reporty.cz\/myslete-na-sve-zdravi\/","wordCount":245,"articleBody":"Je pro v\u00e1s d\u016fle\u017eit\u00e9, v jak\u00e9 kvalit\u011b m\u016f\u017eete sp\u00e1t? Je pro v\u00e1s odpo\u010dinek t\u00edm nejd\u016fle\u017eit\u011bj\u0161\u00edm, co si v noci dop\u0159\u00e1v\u00e1te? Jestli\u017ee ano, jen si p\u0159iznejte, jak na tom jste s kvalitou tohoto odpo\u010dinku. Jist\u011b to nebude nic dobr\u00e9ho, a to hlavn\u011b d\u00edky posteli, na kter\u00e9 v noci le\u017e\u00edte. Je proto dobr\u00e9 za\u010d\u00edt p\u0159em\u00fd\u0161let o tom, jak si za\u0159\u00eddit zdrav\u00e9 span\u00ed. To nemus\u00ed b\u00fdt v\u016fbec t\u011b\u017ek\u00e9 za\u0159\u00eddit, kdy\u017e v\u00edte, kam se obr\u00e1tit. Existuje skv\u011bl\u00fd internetov\u00fd obchod, kde m\u016f\u017eete nal\u00e9zt v\u0161echny r\u016fzn\u00e9 produkty, kter\u00e9 se v\u00e1m pro svou kvalitu jist\u011b zal\u00edb\u00ed. Bude to p\u0159\u00edle\u017eitost, kterou byste m\u011bli vyu\u017e\u00edt, abyste si mohli b\u00fdt jisti kone\u010dn\u011b lep\u0161\u00edm odpo\u010dinkem, kter\u00e9 v\u00e1m dovol\u00ed b\u00fdt pracovit\u011bj\u0161\u00ed.\tEnergie na cel\u00fd denPokud byste cht\u011bli n\u011bco, na \u010dem bude odpo\u010dinek skute\u010dn\u011b kvalitn\u00ed, je dobr\u00e9 d\u00edvat se do odborn\u00fdch obchod\u016f. V supermarketech asi t\u011b\u017eko naleznete produkty, kter\u00e9 budou skute\u010dn\u011b n\u011bjak\u00fdm zp\u016fsobem kvalitn\u00ed. M\u011bjte proto na pam\u011bti, \u017ee to, jak si odpo\u010dineme a kolik m\u00e1me energie, se n\u00e1m prom\u00edtne do cel\u00e9ho dne, ne jenom do r\u00e1na pop\u0159\u00edpad\u011b do ve\u010dera, kdy u\u017e jste na pokraji sil.                                                                                                                                                                                                                                                                                                                                                                                        5\/5 - (7 votes)        "},{"@context":"https:\/\/schema.org\/","@type":"BreadcrumbList","itemListElement":[{"@type":"ListItem","position":1,"name":"Myslete na sv\u00e9 zdrav\u00ed","item":"https:\/\/www.reporty.cz\/myslete-na-sve-zdravi\/#breadcrumbitem"}]}]