[{"@context":"https:\/\/schema.org\/","@type":"Article","@id":"https:\/\/www.reporty.cz\/cim-je-zpusobena-letosni-ztrata-dopravcu\/#Article","mainEntityOfPage":"https:\/\/www.reporty.cz\/cim-je-zpusobena-letosni-ztrata-dopravcu\/","headline":"\u010c\u00edm je zp\u016fsobena leto\u0161n\u00ed ztr\u00e1ta dopravc\u016f","name":"\u010c\u00edm je zp\u016fsobena leto\u0161n\u00ed ztr\u00e1ta dopravc\u016f","description":"Ji\u017e dnes je jasn\u00e9, \u017ee se leto\u0161n\u00ed rok ponese ve znamen\u00ed velk\u00fdch ztr\u00e1t pro podnikatele ve v\u0161ech odv\u011btv\u00edch. N\u011bkter\u00e1 budou posti\u017eena v\u00edce, jin\u00e1 m\u00e9n\u011b, av\u0161ak v\u0161echny utrp\u00ed ur\u010dit\u00e9 ztr\u00e1ty. \u010c\u00edm&hellip;<a href=\"https:\/\/www.reporty.cz\/cim-je-zpusobena-letosni-ztrata-dopravcu\/\" class=\"more-link\"><span class=\"more-button\">P\u0159e\u010d\u00edst<span class=\"screen-reader-text\">\u010c\u00edm je zp\u016fsobena leto\u0161n\u00ed ztr\u00e1ta dopravc\u016f<\/span><\/span><\/a>","datePublished":"2020-07-14","dateModified":"2023-06-09","author":{"@type":"Person","@id":"https:\/\/www.reporty.cz\/author\/#Person","name":"","url":"https:\/\/www.reporty.cz\/author\/","identifier":1,"image":{"@type":"ImageObject","@id":"https:\/\/secure.gravatar.com\/avatar\/cfe4dae5aaf43720425415780408681beb9b9a829e9a657295ed1cacce5febc2?s=96&d=mm&r=g","url":"https:\/\/secure.gravatar.com\/avatar\/cfe4dae5aaf43720425415780408681beb9b9a829e9a657295ed1cacce5febc2?s=96&d=mm&r=g","height":96,"width":96}},"publisher":{"@type":"Organization","name":"reporty.cz","logo":{"@type":"ImageObject","@id":"\/logo.png","url":"\/logo.png","width":600,"height":60}},"image":{"@type":"ImageObject","@id":"https:\/\/www.reporty.cz\/wp-content\/uploads\/kamion5_4.jpg","url":"https:\/\/www.reporty.cz\/wp-content\/uploads\/kamion5_4.jpg","height":0,"width":0},"url":"https:\/\/www.reporty.cz\/cim-je-zpusobena-letosni-ztrata-dopravcu\/","about":["V\u00fdrobky"],"wordCount":396,"articleBody":" Ji\u017e dnes je jasn\u00e9, \u017ee se leto\u0161n\u00ed rok ponese ve znamen\u00ed velk\u00fdch ztr\u00e1t pro podnikatele ve v\u0161ech odv\u011btv\u00edch. N\u011bkter\u00e1 budou posti\u017eena v\u00edce, jin\u00e1 m\u00e9n\u011b, av\u0161ak v\u0161echny utrp\u00ed ur\u010dit\u00e9 ztr\u00e1ty. \u010c\u00edm je v\u0161ak nap\u0159\u00edklad leto\u0161n\u00ed ztr\u00e1ta dopravc\u016f Shipvio.com zp\u016fsobena?Na vin\u011b je samoz\u0159ejm\u011b epidemie koronaviru, av\u0161ak ta je pouze spou\u0161t\u011b\u010dem, nikoliv hlavn\u00edm d\u016fvodem. Virus neuzav\u0159el n\u00e1dra\u017e\u00ed a ani nedonutil spole\u010dnosti vypravovat m\u00e9n\u011b automobil\u016f. To plat\u00ed jak v doprav\u011b osob, tak surovin a zbo\u017e\u00ed.Nen\u00ed pochyb o tom, \u017ee nejv\u00edce utrp\u011bla ta mezist\u00e1tn\u00ed. D\u016fvodem jsou samoz\u0159ejm\u011b uzav\u0159en\u00e9 hranice v\u011bt\u0161iny st\u00e1t\u016f a povinn\u00e9 kontroly. Kv\u016fli nim bylo p\u0159epravov\u00e1no podstatn\u011b m\u00e9n\u011b zbo\u017e\u00ed a p\u0159edev\u0161\u00edm osob. Vzhledem k tomu, \u017ee nikdo necestoval, nebyly vypravov\u00e1ny vlaky ani autobusy. A pokud u\u017e vypraveny byly, pak z\u016fstaly polopr\u00e1zdn\u00e9.Asi nebudeme rozporovat fakt, \u017ee to pro p\u0159epravn\u00ed spole\u010dnosti znamenalo m\u00e9n\u011b pen\u011bz za l\u00edstky a t\u00edm i men\u0161\u00ed celkov\u00fd p\u0159\u00edjem, zat\u00edmco v\u0161ak \u0159idi\u010di i jin\u00ed pracovn\u00edci cht\u011bli dostat obvyklou mzdu podle sv\u00e9 pracovn\u00ed smlouvy.Zapom\u00ednat nesm\u00edme ani na dal\u0161\u00ed v\u00fddaje s t\u00edm spojen\u00e9, jako je placen\u00ed dan\u011b a povinn\u00e9ho ru\u010den\u00ed na automobily \u010di jin\u00e1 vozidla, bez ohledu na to, zda jezd\u00ed \u010di jen stoj\u00ed nevyu\u017eit\u00e1 v gar\u00e1\u017ei nebo depu, p\u0159\u00edpadn\u011b dal\u0161\u00edch poji\u0161t\u011bn\u00ed.To v\u0161e vytv\u00e1\u0159\u00ed probl\u00e9m, kter\u00fd je jen t\u011b\u017eko \u0159e\u0161iteln\u00fd a pro zvl\u00e1\u0161t\u011b men\u0161\u00ed firmy a\u017e likvida\u010dn\u00ed. Jist\u011b, lze po\u017e\u00e1dat o finan\u010dn\u00ed pomoc od vl\u00e1dy. Koneckonc\u016f m\u00e1 hned n\u011bkolik program\u016f na pomoc pr\u00e1v\u011b \u017eivnostn\u00edk\u016fm. Av\u0161ak nem\u00e1te jistotu, \u017ee va\u0161e \u017e\u00e1dost bude schv\u00e1lena a \u017ee pen\u00edze skute\u010dn\u011b dostanete. Nav\u00edc, i kdy\u017e v\u0161echno vyjde, p\u0159eci jen to nen\u00ed pln\u00e1 n\u00e1hrada za u\u0161l\u00fd zisk.Proto nen\u00ed divu, \u017ee tolik firem zkrachovalo, a mnoho dal\u0161\u00edch je na cest\u011b ke stejn\u00e9mu v\u00fdsledku. Epidemie zkr\u00e1tka zamotala \u017eivoty prakticky ka\u017ed\u00e9mu z n\u00e1s. Nem\u011bli bychom se v\u0161ak vzd\u00e1vat tak snadno. Koneckonc\u016f, i ona jednou skon\u010d\u00ed.                                                                                                                                                                                                                                                                                                                                                                                         4.4\/5 - (10 votes)        "},{"@context":"https:\/\/schema.org\/","@type":"BreadcrumbList","itemListElement":[{"@type":"ListItem","position":1,"name":"\u010c\u00edm je zp\u016fsobena leto\u0161n\u00ed ztr\u00e1ta dopravc\u016f","item":"https:\/\/www.reporty.cz\/cim-je-zpusobena-letosni-ztrata-dopravcu\/#breadcrumbitem"}]}]