[{"@context":"https:\/\/schema.org\/","@type":"Article","@id":"https:\/\/www.reporty.cz\/celosvetova-politika\/#Article","mainEntityOfPage":"https:\/\/www.reporty.cz\/celosvetova-politika\/","headline":"Celosv\u011btov\u00e1 politika","name":"Celosv\u011btov\u00e1 politika","description":"Politikou n\u011bkte\u0159\u00ed lid\u00e9 p\u0159ijmou \u017eij\u00ed n\u011bkoho politika bav\u00ed opravdu hodn\u011b. Jsou ale tak\u00e9 samoz\u0159ejm\u011b lid\u00e9, kte\u0159\u00ed politiku zase v\u016fbec nemaj\u00ed tak moc r\u00e1di a jsou to v\u011bt\u0161inou mlad\u00ed lid\u00e9. Mlad\u00ed&hellip;<a href=\"https:\/\/www.reporty.cz\/celosvetova-politika\/\" class=\"more-link\"><span class=\"more-button\">P\u0159e\u010d\u00edst<span class=\"screen-reader-text\">Celosv\u011btov\u00e1 politika<\/span><\/span><\/a>","datePublished":"2025-01-04","dateModified":"2025-01-04","author":{"@type":"Person","@id":"https:\/\/www.reporty.cz\/author\/#Person","name":"","url":"https:\/\/www.reporty.cz\/author\/","identifier":1,"image":{"@type":"ImageObject","@id":"https:\/\/secure.gravatar.com\/avatar\/cfe4dae5aaf43720425415780408681beb9b9a829e9a657295ed1cacce5febc2?s=96&d=mm&r=g","url":"https:\/\/secure.gravatar.com\/avatar\/cfe4dae5aaf43720425415780408681beb9b9a829e9a657295ed1cacce5febc2?s=96&d=mm&r=g","height":96,"width":96}},"publisher":{"@type":"Organization","name":"reporty.cz","logo":{"@type":"ImageObject","@id":"\/logo.png","url":"\/logo.png","width":600,"height":60}},"image":{"@type":"ImageObject","@id":"https:\/\/www.reporty.cz\/wp-content\/uploads\/right-4703926_640%20(2).jpg","url":"https:\/\/www.reporty.cz\/wp-content\/uploads\/right-4703926_640%20(2).jpg","height":0,"width":0},"url":"https:\/\/www.reporty.cz\/celosvetova-politika\/","about":["Politika"],"wordCount":431,"articleBody":"Politikou n\u011bkte\u0159\u00ed lid\u00e9 p\u0159ijmou \u017eij\u00ed n\u011bkoho politika bav\u00ed opravdu hodn\u011b. Jsou ale tak\u00e9 samoz\u0159ejm\u011b lid\u00e9, kte\u0159\u00ed politiku zase v\u016fbec nemaj\u00ed tak moc r\u00e1di a jsou to v\u011bt\u0161inou mlad\u00ed lid\u00e9. Mlad\u00ed lid\u00e9 se o politiku tak moc nezaj\u00edmaj\u00ed, jako t\u0159eba star\u0161\u00ed ob\u010dan\u00e9 na\u0161\u00ed republiky. Samoz\u0159ejm\u011b, \u017ee je i celosv\u011btov\u00e1 politika a celosv\u011btov\u00e1 politika je podle m\u00e9ho n\u00e1zoru v\u00edce obl\u00edben\u011bj\u0161\u00ed ne\u017e jenom na\u0161e \u010desk\u00e1 politika. Alespo\u0148 takhle to vypl\u00fdv\u00e1 ze v\u0161ech dat a tak\u00e9 jsem jednou na st\u0159edn\u00ed \u0161kole d\u011blala pr\u016fzkum, jak\u00e1 politika vlastn\u011b lidi bav\u00ed a vy\u0161lo najevo, \u017ee opravdu celosv\u011btov\u00e1 politika je v\u00edce zaj\u00edmav\u011bj\u0161\u00ed ne\u017e na\u0161e \u010desk\u00e1 politika.A jak\u00e1 politika nejv\u00edce bav\u00ed v\u00e1s? Je opravdu mnoho mo\u017enost\u00ed, m\u016f\u017eete m\u00edt tak\u00e9 radit celosv\u011btovou politiku nebo jenom na\u0161i politiku. Anebo se vlastn\u011b ani nemus\u00edte zaj\u00edmat o nic nen\u00ed na tom v\u016fbec nic \u0161patn\u00e9ho. Kdy\u017e se nebudete zaj\u00edmat u v\u016fbec o nic. Proto jsem si \u0159ekla, \u017ee je opravdu nejlep\u0161\u00ed, kdy\u017e i vy si uv\u011bdom\u00edte, co v\u00e1s bav\u00ed. Jestli t\u0159eba se tak\u00e9 chcete zaj\u00edmat o politiku? Nebo se nechcete zaj\u00edmat o politiku? Tohle v\u016fbec nevad\u00ed, je to ka\u017ed\u00e9ho v\u011bc. I kdy\u017e moje maminka i m\u016fj otec i babi\u010dka \u0159\u00edkaj\u00ed, \u017ee ka\u017ed\u00fd \u010dlov\u011bk by se m\u011bl alespo\u0148 tro\u0161ku zaj\u00edmat o politiku. J\u00e1 tedy na tom nevid\u00edm v\u016fbec nic \u0161patn\u00e9ho.Kdy\u017e se \u010dlov\u011bk nebude v\u016fbec zaj\u00edmat o politiku. Nebo co je na tom \u0161patn\u00e9ho, kdy\u017e se \u010dlov\u011bk nezaj\u00edm\u00e1 o politiku? Mysl\u00edm si, \u017ee v\u016fbec nic, \u017ee to nen\u00ed v\u016fbec nic hrozn\u00e9ho. Proto si mysl\u00edm, \u017ee kdy\u017e lid\u00e9 se nebudou zaj\u00edmat o politiku a budou m\u00edt jin\u00e9 sv\u00e9 kon\u00ed\u010dky, tak je to samoz\u0159ejm\u011b dob\u0159e. P\u0159eci z\u00e1le\u017e\u00ed na ka\u017ed\u00e9m \u010dlov\u011bku, jak\u00e9 budou jeho z\u00e1jmy anebo o co se bude zaj\u00edmat. Samoz\u0159ejm\u011b, \u017ee kdy\u017e se \u010dlov\u011bk bude zaj\u00edmat o politiku, \u017ee bude m\u00edt tak\u00e9 v\u011bt\u0161\u00ed rozhled. A mysl\u00edm si, \u017ee m\u00edt rozhled celkov\u011b osv\u011bt\u011b je docela dobr\u00e9, proto t\u0159eba n\u011bjak\u00e9 knihy o sv\u011btov\u00e9 politice a tak podobn\u011b by t\u0159eba mohl tak\u00e9 \u010d\u00edst ka\u017ed\u00fd \u010dlov\u011bk, nebo si alespo\u0148 n\u011bjakou knihu politiky tak\u00e9 jenom tak prolistovat.\u00a0                                                                                                                                                                                                                                                                                                                                                                                        3.7\/5 - (14 votes)        "},{"@context":"https:\/\/schema.org\/","@type":"BreadcrumbList","itemListElement":[{"@type":"ListItem","position":1,"name":"Celosv\u011btov\u00e1 politika","item":"https:\/\/www.reporty.cz\/celosvetova-politika\/#breadcrumbitem"}]}]